{"id":6424,"date":"2023-05-23T10:48:19","date_gmt":"2023-05-23T10:48:19","guid":{"rendered":"https:\/\/miquelperez.com\/perez-perello-musicaliza-poesia-arabe-del-siglo-x-en-su-denia-natal\/"},"modified":"2023-05-23T10:51:24","modified_gmt":"2023-05-23T10:51:24","slug":"perez-perello-musicaliza-poesia-arabe-del-siglo-x-en-su-denia-natal","status":"publish","type":"post","link":"https:\/\/miquelperez.com\/en\/perez-perello-musicaliza-poesia-arabe-del-siglo-x-en-su-denia-natal\/","title":{"rendered":"P\u00e9rez Perell\u00f3 musicaliza poes\u00eda \u00e1rabe del siglo X en su D\u00e9nia natal"},"content":{"rendered":"<p><strong>Art\u00edculo aparecido en La Marina Plaza<\/strong><\/p>\n<p>La profunda voz del rapsoda Vicent Camps y las danzas orientales de Sara Guirado, de proyecci\u00f3n internacional, rubricaron una musicalizaci\u00f3n po\u00e9tica que levant\u00f3 de sus asientos al p\u00fablico&#8230;<\/p>\n<p>Leer el art\u00edculo original en:<br \/>\n<a href=\"https:\/\/lamarinaplaza.com\/2023\/03\/29\/perez-perello-musicaliza-poesia-arabe-del-siglo-x-en-su-denia-natal\/\" target=\"_blank\" rel=\"noopener\">https:\/\/lamarinaplaza.com\/2023\/03\/29\/perez-perello-musicaliza-poesia-arabe-del-siglo-x-en-su-denia-natal\/<\/a><\/p>\n","protected":false},"excerpt":{"rendered":"<p>\u201cHemos construido nuestro trabajo -indican los autores en la presentaci\u00f3n de la obra-  en el convencimiento de que la m\u00fasica y la palabra dicha nos har\u00e1n viajar mil a\u00f1os atr\u00e1s, si el sentimiento es contextualizado,&#8230;<\/p>\n","protected":false},"author":1,"featured_media":6421,"comment_status":"open","ping_status":"open","sticky":false,"template":"","format":"standard","meta":{"_et_pb_use_builder":"","_et_pb_old_content":"","_et_gb_content_width":"","footnotes":"","_links_to":"","_links_to_target":""},"categories":[310,90],"tags":[460],"class_list":["post-6424","post","type-post","status-publish","format-standard","has-post-thumbnail","hentry","category-article","category-press","tag-el-collar-de-la-coloma-en"],"_links":{"self":[{"href":"https:\/\/miquelperez.com\/en\/wp-json\/wp\/v2\/posts\/6424","targetHints":{"allow":["GET"]}}],"collection":[{"href":"https:\/\/miquelperez.com\/en\/wp-json\/wp\/v2\/posts"}],"about":[{"href":"https:\/\/miquelperez.com\/en\/wp-json\/wp\/v2\/types\/post"}],"author":[{"embeddable":true,"href":"https:\/\/miquelperez.com\/en\/wp-json\/wp\/v2\/users\/1"}],"replies":[{"embeddable":true,"href":"https:\/\/miquelperez.com\/en\/wp-json\/wp\/v2\/comments?post=6424"}],"version-history":[{"count":0,"href":"https:\/\/miquelperez.com\/en\/wp-json\/wp\/v2\/posts\/6424\/revisions"}],"wp:featuredmedia":[{"embeddable":true,"href":"https:\/\/miquelperez.com\/en\/wp-json\/wp\/v2\/media\/6421"}],"wp:attachment":[{"href":"https:\/\/miquelperez.com\/en\/wp-json\/wp\/v2\/media?parent=6424"}],"wp:term":[{"taxonomy":"category","embeddable":true,"href":"https:\/\/miquelperez.com\/en\/wp-json\/wp\/v2\/categories?post=6424"},{"taxonomy":"post_tag","embeddable":true,"href":"https:\/\/miquelperez.com\/en\/wp-json\/wp\/v2\/tags?post=6424"}],"curies":[{"name":"wp","href":"https:\/\/api.w.org\/{rel}","templated":true}]}}