{"id":4591,"date":"2020-03-08T13:31:05","date_gmt":"2020-03-08T13:31:05","guid":{"rendered":"https:\/\/miquelperez.com\/musica-i-il%c2%b7lustracions-per-a-ausias-march\/"},"modified":"2020-03-08T13:31:05","modified_gmt":"2020-03-08T13:31:05","slug":"musica-i-il%c2%b7lustracions-per-a-ausias-march","status":"publish","type":"post","link":"https:\/\/miquelperez.com\/en\/musica-i-il%c2%b7lustracions-per-a-ausias-march\/","title":{"rendered":"M\u00fasica i il\u00b7lustracions per a Ausi\u00e0s March"},"content":{"rendered":"<p>La proposta inicial feta des de Safor\u00edssims, Societat Liter\u00e0ria, a l\u2019Ajuntament va ser prendre la data de la mort d\u2019Ausi\u00e0s March, 3 de mar\u00e7 de 1459, com a refer\u00e8ncia per a efectuar una s\u00e8rie d\u2019activitats que feren visible de manera constant la figura del nostre poeta. La idea \u00e9s commemorar aquesta data cada any i consolidar-la perqu\u00e8 en el futur \u2014independentment del color de l\u2019ajuntament\u2014 Ausi\u00e0s March puga tenir una pres\u00e8ncia rellevant a Gandia, no nom\u00e9s des del punt de vista literari, sin\u00f3 des de la m\u00e9s ampla transversalitat; \u00e9s a dir que incloga i implique en aquesta causa altres institucions&#8230;<\/p>\n<p>Leer art\u00edculo completo en el siguiente enlace:<br \/>\n<a href=\"https:\/\/www.laveudelsllibres.cat\/noticia\/31365\/musica-illustracions-ausias-march\" target=\"_blank\" rel=\"noopener\">https:\/\/www.laveudelsllibres.cat\/noticia\/31365\/musica-illustracions-ausias-march<\/a><\/p>\n","protected":false},"excerpt":{"rendered":"<p>En acabar, el grup Melodemodomies \u2014format pel rapsode Tom\u00e0s Llopis, Miquel P\u00e9rez Perell\u00f3, musica original i guitarra, Maria Jes\u00fas Moreno a les flautes, Gl\u00f2ria Aleza a la viella i instruments de corda, i Diego L\u00f3pez a la percussi\u00f3\u2014, va oferir un espectacle po\u00e8tic&#8230; ART\u00cdCULO APARECIDO EN &#8220;LA VEU DELS LLIBRES&#8221;<\/p>\n","protected":false},"author":1,"featured_media":4578,"comment_status":"open","ping_status":"open","sticky":false,"template":"","format":"standard","meta":{"_et_pb_use_builder":"","_et_pb_old_content":"","_et_gb_content_width":"","footnotes":"","_links_to":"","_links_to_target":""},"categories":[310,90],"tags":[423,394],"class_list":["post-4591","post","type-post","status-publish","format-standard","has-post-thumbnail","hentry","category-article","category-press","tag-ausias-march-en","tag-melodemodomies-ca-en"],"_links":{"self":[{"href":"https:\/\/miquelperez.com\/en\/wp-json\/wp\/v2\/posts\/4591","targetHints":{"allow":["GET"]}}],"collection":[{"href":"https:\/\/miquelperez.com\/en\/wp-json\/wp\/v2\/posts"}],"about":[{"href":"https:\/\/miquelperez.com\/en\/wp-json\/wp\/v2\/types\/post"}],"author":[{"embeddable":true,"href":"https:\/\/miquelperez.com\/en\/wp-json\/wp\/v2\/users\/1"}],"replies":[{"embeddable":true,"href":"https:\/\/miquelperez.com\/en\/wp-json\/wp\/v2\/comments?post=4591"}],"version-history":[{"count":0,"href":"https:\/\/miquelperez.com\/en\/wp-json\/wp\/v2\/posts\/4591\/revisions"}],"wp:featuredmedia":[{"embeddable":true,"href":"https:\/\/miquelperez.com\/en\/wp-json\/wp\/v2\/media\/4578"}],"wp:attachment":[{"href":"https:\/\/miquelperez.com\/en\/wp-json\/wp\/v2\/media?parent=4591"}],"wp:term":[{"taxonomy":"category","embeddable":true,"href":"https:\/\/miquelperez.com\/en\/wp-json\/wp\/v2\/categories?post=4591"},{"taxonomy":"post_tag","embeddable":true,"href":"https:\/\/miquelperez.com\/en\/wp-json\/wp\/v2\/tags?post=4591"}],"curies":[{"name":"wp","href":"https:\/\/api.w.org\/{rel}","templated":true}]}}