{"id":3627,"date":"2018-04-24T18:11:44","date_gmt":"2018-04-24T18:11:44","guid":{"rendered":"https:\/\/miquelperez.com\/homenatge-a-joaquin-rodrigo-concierto-de-aranjuez\/"},"modified":"2018-04-24T18:11:44","modified_gmt":"2018-04-24T18:11:44","slug":"homenatge-a-joaquin-rodrigo-concierto-de-aranjuez","status":"publish","type":"post","link":"https:\/\/miquelperez.com\/en\/homenatge-a-joaquin-rodrigo-concierto-de-aranjuez\/","title":{"rendered":"&#8220;Homenatge a Joaqu\u00edn Rodrigo&#8221; Concierto de Aranjuez"},"content":{"rendered":"<p><iframe loading=\"lazy\" title=\"&quot;Homenatge a Joaqu\u00edn Rodrigo&quot;. Concierto de Aranjuez\" width=\"1080\" height=\"810\" src=\"https:\/\/www.youtube.com\/embed\/ZwWuCCi9rcg?start=2060&#038;feature=oembed\" frameborder=\"0\" allow=\"accelerometer; autoplay; encrypted-media; gyroscope; picture-in-picture\" allowfullscreen><\/iframe><\/p>\n<p>Orquestra de la Marina Alta. O.M.A<br \/>\nGuitarra: Miquel P\u00e9rez Perell\u00f3<br \/>\nDirector: Francesc Est\u00e9vez<\/p>\n","protected":false},"excerpt":{"rendered":"<p>Orquestra de la Marina Alta. O.M.A Guitarra: Miquel P\u00e9rez Perell\u00f3 Director: Francesc Est\u00e9vez<\/p>\n","protected":false},"author":2,"featured_media":0,"comment_status":"open","ping_status":"open","sticky":false,"template":"","format":"standard","meta":{"_et_pb_use_builder":"","_et_pb_old_content":"","_et_gb_content_width":"","footnotes":"","_links_to":"","_links_to_target":""},"categories":[5],"tags":[],"class_list":["post-3627","post","type-post","status-publish","format-standard","hentry","category-uncategorized"],"_links":{"self":[{"href":"https:\/\/miquelperez.com\/en\/wp-json\/wp\/v2\/posts\/3627","targetHints":{"allow":["GET"]}}],"collection":[{"href":"https:\/\/miquelperez.com\/en\/wp-json\/wp\/v2\/posts"}],"about":[{"href":"https:\/\/miquelperez.com\/en\/wp-json\/wp\/v2\/types\/post"}],"author":[{"embeddable":true,"href":"https:\/\/miquelperez.com\/en\/wp-json\/wp\/v2\/users\/2"}],"replies":[{"embeddable":true,"href":"https:\/\/miquelperez.com\/en\/wp-json\/wp\/v2\/comments?post=3627"}],"version-history":[{"count":0,"href":"https:\/\/miquelperez.com\/en\/wp-json\/wp\/v2\/posts\/3627\/revisions"}],"wp:attachment":[{"href":"https:\/\/miquelperez.com\/en\/wp-json\/wp\/v2\/media?parent=3627"}],"wp:term":[{"taxonomy":"category","embeddable":true,"href":"https:\/\/miquelperez.com\/en\/wp-json\/wp\/v2\/categories?post=3627"},{"taxonomy":"post_tag","embeddable":true,"href":"https:\/\/miquelperez.com\/en\/wp-json\/wp\/v2\/tags?post=3627"}],"curies":[{"name":"wp","href":"https:\/\/api.w.org\/{rel}","templated":true}]}}