{"id":7731,"date":"2024-11-22T07:20:26","date_gmt":"2024-11-22T07:20:26","guid":{"rendered":"https:\/\/miquelperez.com\/entrevista-para-el-programa-poemas-de-la-uned-realizada-por-el-investigador-carlos-martinez-y-retransmitida-por-tv2-de-television-espanola-en-octubre-del-2024\/"},"modified":"2024-11-22T07:31:16","modified_gmt":"2024-11-22T07:31:16","slug":"entrevista-poemas-de-la-uned-carlos-martinez-tv2-de-televisio-espanyola","status":"publish","type":"post","link":"https:\/\/miquelperez.com\/ca\/entrevista-poemas-de-la-uned-carlos-martinez-tv2-de-televisio-espanyola\/","title":{"rendered":"Entrevista per al programa Poemes de la UNED a \u201cTV2 de Televisi\u00f3 Espanyola\u201d"},"content":{"rendered":"<p><iframe loading=\"lazy\" style=\"width: 600px; height: 340px;\" src=\"http:\/\/www.rtve.es\/drmn\/embed\/video\/16303293\" name=\"La 1 estrena 'Cocineros al Volante'\" width=\"600\" height=\"360\" frameborder=\"0\"><\/iframe><\/p>\n<p>Entrevista per al programa Poemes de la UNED, realitzada per l&#8217;investigador Carlos Mart\u00ednez i retransmesa per \u201cTV2 de Televisi\u00f3 Espanyola\u201d a l&#8217;octubre del 2024.<\/p>\n<p>El programa es va centrar en la faceta de composici\u00f3 i creaci\u00f3 de m\u00fasica per a literatura, repassant la traject\u00f2ria del compositor des dels seus inicis.<\/p>\n<p>&nbsp;<\/p>\n<p>Acc\u00e9s a la entrevista a la web de RTVE:<a href=\"https:\/\/www.rtve.es\/play\/videos\/uned\/25-10-24\/16303293\/\" target=\"_blank\" rel=\"noopener\"> https:\/\/www.rtve.es\/play\/videos\/uned\/25-10-24\/16303293\/<\/a><\/p>\n<p>Reportatge aparegut al diari La Marina Plaza despr\u00e9s de l&#8217;entrevista: <a href=\"https:\/\/lamarina.eldiario.es\/2024\/10\/31\/el-guitarrista-y-compositor-miquel-perez-protagoniza-el-programa-poemas-de-la-uned-en-rtve\/\" target=\"_blank\" rel=\"noopener\">aqui<\/a><\/p>\n","protected":false},"excerpt":{"rendered":"<p>Entrevista per al programa Poemes de la UNED, realitzada per l&#8217;investigador Carlos Mart\u00ednez i retransmesa per \u201cTV2 de Televisi\u00f3 Espanyola\u201d a l&#8217;octubre del 2024. El programa es va centrar en la faceta de composici\u00f3 i creaci\u00f3 de m\u00fasica per a literatura, repassant la traject\u00f2ria del compositor des dels seus inicis. &nbsp; Acc\u00e9s a la entrevista [&hellip;]<\/p>\n","protected":false},"author":1,"featured_media":7725,"comment_status":"open","ping_status":"open","sticky":false,"template":"","format":"video","meta":{"_et_pb_use_builder":"","_et_pb_old_content":"","_et_gb_content_width":"","footnotes":"","_links_to":"","_links_to_target":""},"categories":[79],"tags":[],"class_list":["post-7731","post","type-post","status-publish","format-video","has-post-thumbnail","hentry","category-altres-tv-prensa","post_format-post-format-video"],"_links":{"self":[{"href":"https:\/\/miquelperez.com\/ca\/wp-json\/wp\/v2\/posts\/7731","targetHints":{"allow":["GET"]}}],"collection":[{"href":"https:\/\/miquelperez.com\/ca\/wp-json\/wp\/v2\/posts"}],"about":[{"href":"https:\/\/miquelperez.com\/ca\/wp-json\/wp\/v2\/types\/post"}],"author":[{"embeddable":true,"href":"https:\/\/miquelperez.com\/ca\/wp-json\/wp\/v2\/users\/1"}],"replies":[{"embeddable":true,"href":"https:\/\/miquelperez.com\/ca\/wp-json\/wp\/v2\/comments?post=7731"}],"version-history":[{"count":3,"href":"https:\/\/miquelperez.com\/ca\/wp-json\/wp\/v2\/posts\/7731\/revisions"}],"predecessor-version":[{"id":7735,"href":"https:\/\/miquelperez.com\/ca\/wp-json\/wp\/v2\/posts\/7731\/revisions\/7735"}],"wp:featuredmedia":[{"embeddable":true,"href":"https:\/\/miquelperez.com\/ca\/wp-json\/wp\/v2\/media\/7725"}],"wp:attachment":[{"href":"https:\/\/miquelperez.com\/ca\/wp-json\/wp\/v2\/media?parent=7731"}],"wp:term":[{"taxonomy":"category","embeddable":true,"href":"https:\/\/miquelperez.com\/ca\/wp-json\/wp\/v2\/categories?post=7731"},{"taxonomy":"post_tag","embeddable":true,"href":"https:\/\/miquelperez.com\/ca\/wp-json\/wp\/v2\/tags?post=7731"}],"curies":[{"name":"wp","href":"https:\/\/api.w.org\/{rel}","templated":true}]}}